{"id":135185,"date":"2025-05-07T10:27:42","date_gmt":"2025-05-07T08:27:42","guid":{"rendered":"https:\/\/e-bike-tours.ch\/?p=135185"},"modified":"2025-05-07T10:50:38","modified_gmt":"2025-05-07T08:50:38","slug":"e-bike-en-sardaigne-avec-urs-eggerschwiler","status":"publish","type":"post","link":"https:\/\/e-bike-tours.ch\/fr\/e-bike-en-sardaigne-avec-urs-eggerschwiler\/","title":{"rendered":"E-bike en Sardaigne avec Urs Eggerschwiler"},"content":{"rendered":"<div class=\"wpb-content-wrapper\">[vc_row][vc_column width=\u00a0\u00bb2\/3&Prime;][vc_column_text css=\u00a0\u00bb\u00a0\u00bb]\n<h4 style=\"text-align: left;\"><span style=\"color: #3366ff;\">Dates de voyage: 23 au 30 avril 2024 \u00a0 \u00a0 \u00a0 \u00a0<\/span><\/h4>\n[\/vc_column_text][\/vc_column][vc_column width=\u00a0\u00bb1\/3&Prime;][vc_column_text css=\u00a0\u00bb\u00a0\u00bb]\n<div style=\"text-align: right;\"><div class=\"addtoany_shortcode\"><div class=\"a2a_kit a2a_kit_size_32 addtoany_list\" data-a2a-url=\"https:\/\/e-bike-tours.ch\/fr\/e-bike-en-sardaigne-avec-urs-eggerschwiler\/\" data-a2a-title=\"E-bike en Sardaigne avec Urs Eggerschwiler\"><a class=\"a2a_button_email\" href=\"https:\/\/www.addtoany.com\/add_to\/email?linkurl=https%3A%2F%2Fe-bike-tours.ch%2Ffr%2Fe-bike-en-sardaigne-avec-urs-eggerschwiler%2F&amp;linkname=E-bike%20en%20Sardaigne%20avec%20Urs%20Eggerschwiler\" title=\"Email\" rel=\"nofollow noopener\" target=\"_blank\"><\/a><a class=\"a2a_button_facebook\" href=\"https:\/\/www.addtoany.com\/add_to\/facebook?linkurl=https%3A%2F%2Fe-bike-tours.ch%2Ffr%2Fe-bike-en-sardaigne-avec-urs-eggerschwiler%2F&amp;linkname=E-bike%20en%20Sardaigne%20avec%20Urs%20Eggerschwiler\" title=\"Facebook\" rel=\"nofollow noopener\" target=\"_blank\"><\/a><a class=\"a2a_button_whatsapp\" href=\"https:\/\/www.addtoany.com\/add_to\/whatsapp?linkurl=https%3A%2F%2Fe-bike-tours.ch%2Ffr%2Fe-bike-en-sardaigne-avec-urs-eggerschwiler%2F&amp;linkname=E-bike%20en%20Sardaigne%20avec%20Urs%20Eggerschwiler\" title=\"WhatsApp\" rel=\"nofollow noopener\" target=\"_blank\"><\/a><\/div><\/div> Recommander \/ Partager<\/div>\n[\/vc_column_text][\/vc_column][\/vc_row][vc_row][vc_column width=\u00a0\u00bb1\/3&Prime;][vc_row_inner][vc_column_inner el_class=\u00a0\u00bbbackground-sonderpreise\u00a0\u00bb][vc_column_text css=\u00a0\u00bb\u00a0\u00bb]\n<h3>Il t\u00e9moigne pour vous:<\/h3>\n[\/vc_column_text][vc_column_text css=\u00a0\u00bb\u00a0\u00bb]\n<h3>Urs Eggerschwiler<\/h3>\n[\/vc_column_text][\/vc_column_inner][\/vc_row_inner][vc_empty_space]\n        <div class=\"tour-data-sc-events-list\">\n            \n    <div id=\"wk-dt_events_list-0-24045900-1777533760\" class=\"wk-dt_events_list \" style=\"\">\n        Pour le moment, nous n\u2019avons pas d\u2019offres actuelles pour cette destination. <a href=\"https:\/\/e-bike-tours.ch\/fr\/offres\/\">Pour voir tous les offres, cliquez ici<\/a>\n        <div class=\"clear\"><\/div>\n    <\/div><script type=\"text\/javascript\">\n    var wk_events_list_change_results_page_0_24045900_1777533760_response = null;\n    function wk_events_list_reset_search_results_0_24045900_1777533760() {\n        var fm = 'form#by_country_frmeventsearch_0_24045900_1777533760'; \n        jQuery(fm+' select[name=\"cmbtourmonth\"]').val(''); \n        jQuery(fm+' input[name=\"txteventname\"]').val(''); \n        jQuery(fm+' input#frmeventsearch-events-from-country-submit-btn').click();\n    }\n    function wk_events_list_change_results_page_0_24045900_1777533760(page_no) {\n        var $ = jQuery;\n        var cmbtourmonth = $('form#by_country_frmeventsearch_0_24045900_1777533760 select[name=\"cmbtourmonth\"]').val();\n        var txteventname = $('form#by_country_frmeventsearch_0_24045900_1777533760 input[name=\"txteventname\"]').val();\n        \n        var dt_events_list_width = $('#wk-dt_events_list-0-24045900-1777533760').width();\n        var dt_events_list_height = $('#wk-dt_events_list-0-24045900-1777533760').height();\n        $('#wk-dt_events_list-0-24045900-1777533760').append('<div class=\"ajax-loading-layer\"><\/div>');\n        $('#wk-dt_events_list-0-24045900-1777533760').find('> .ajax-loading-layer').css({\n            height: dt_events_list_height+'px',\n            width: dt_events_list_width+'px'\n        }).append(\n            '<img class=\"ajax-loading-img\" src=\"\/wp-content\/themes\/total-child-theme\/images\/fancybox\/fancybox_loading-v4.png\" \/>'\n        ).fadeIn().css({display: 'flex'});\n        $.ajax({\n            url: obwk_ajaxurl,   \/* look to functions.php file *\/\n            dataType: 'html',\n            data: {\n                action: 'get_frmeventsearch_events_from_country',\n                \/*displayed_countries: 'all',*\/\n                by_country_cmbtourmonth: cmbtourmonth,\n                by_country_txteventname: txteventname,\n                display_as_carousel: '',\n                shortcode_unique_id: '0-24045900-1777533760',\n                empty_results_redirection_webpage_id: '',\n                handling_top_angebote_tours: '',\n                handling_priority_tours: '',\n                displayed_categories: '',\n                exclude_categories: '',\n                displayed_tours_ids: '123690',\n                limit: '-1',\n                ajax_page_no: page_no\n            },\n            success: function(response) {\n                var iBoxHeight = $('#wk-dt_events_list-0-24045900-1777533760').outerHeight();\n                wk_events_list_change_results_page_0_24045900_1777533760_response = response;\n                jQuery('#wk-dt_events_list-0-24045900-1777533760').height(iBoxHeight).find('> div').fadeOut(500, function() {\n                    var $ = jQuery;\n                    var _context = $('#wk-dt_events_list-0-24045900-1777533760');\n                    if(!wk_events_list_change_results_page_0_24045900_1777533760_response) return;\n                    \/*console.log('response_load_results: '+wk_events_list_change_results_page_0_24045900_1777533760_response);*\/\n                    _context.empty().append(wk_events_list_change_results_page_0_24045900_1777533760_response);\n                    wk_events_list_change_results_page_0_24045900_1777533760_response = null;\n\n                                            $('html, body').animate({\n                            scrollTop: $(\"#wk-dt_events_list-0-24045900-1777533760\").offset().top-200\n                            }, 800\n                        );                    \n                        setTimeout(\"jQuery('#wk-dt_events_list-0-24045900-1777533760').css('height','auto')\", 500);\n                                    });\n                \/*console.log('response: '+wk_events_list_change_results_page_0_24045900_1777533760_response);*\/\n            }\n        })\n        return false;\n    }\n    jQuery(document).ready(function($) {\n        var get_var_cmbtourmonth = ''\n        var get_var_txteventname = ''\n        \/*console.log('mytheme_urls.ajaxurl: '+mytheme_urls.ajaxurl);*\/\n        $('#frmeventsearch-events-from-country-submit-btn').click(function(e) {\n            e.preventDefault();\n            wk_events_list_change_results_page_0_24045900_1777533760(1);\n        })\n        \n        if(get_var_cmbtourmonth != '' || get_var_txteventname != '') {\n            \/* Thanks to that e.g. that link will work: https:\/\/e-bike-tours.ch\/busreisen-nach-italien\/?txteventname=mailand *\/\n            $('#frmeventsearch-events-from-country-submit-btn').trigger('click');\n        }\n    })\n<\/script>\n        <\/div>[\/vc_column][vc_column width=\u00a0\u00bb2\/3&Prime;][vc_column_text css=\u00a0\u00bb\u00a0\u00bb]\n<h2 style=\"text-align: justify;\">E-Bike en Sardaigne<\/h2>\n<p style=\"text-align: justify;\">Jour 1<br \/>\nNotre voyage d\u00e9bute mardi matin \u00e0 Horw. Les clients sont \u00e0 l\u2019heure et le chargement des e-bikes s\u2019effectue rapidement. A 10h30, nous voil\u00e0 pr\u00eats \u00e0 prendre la route. Le trajet se d\u00e9roule sans probl\u00e8me et nous profitons de l\u2019aire de repos de Bellinzone pour effectuer une pause de midi bienvenue. Arriv\u00e9e en fin d\u2019apr\u00e8s-midi \u00e0 G\u00eanes, avec une heure d\u2019avance. Nous patientons donc un moment avant d\u2019embarquer sur le ferry, nous installer dans nos cabines respectives et nous retrouver \u00e0 19h pour le souper.<\/p>\n[\/vc_column_text][vc_empty_space][vc_single_image image=\u00a0\u00bb132156&Prime; css=\u00a0\u00bb\u00a0\u00bb][vc_empty_space][vc_column_text css=\u00a0\u00bb\u00a0\u00bb]\n<p style=\"text-align: justify;\">Jour 2<br \/>\nEn raison de vents soutenus et d\u2019une mer passablement agit\u00e9e, nous avons cette fois deux heures de retard. Detlef, notre guide sarde, nous accueille \u00e0 notre arriv\u00e9e au port et nous nous mettons imm\u00e9diatement en route pour aller prendre le petit d\u00e9jeuner, avant de rejoindre notre h\u00f4tel et enfiler nos tenues de cyclistes. Notre premi\u00e8re vir\u00e9e en e-bike nous conduit le long de la c\u00f4te jusqu\u2019\u00e0 l\u2019extr\u00e9mit\u00e9 du cap. Le repas dans un agritourisme, occasion de savourer ricotta fum\u00e9e, pecorino et autres d\u00e9lices, s\u2019inscrit tr\u00e8s certainement comme le meilleur moment de la journ\u00e9e. Le caf\u00e9 s\u2019accompagne de torrone, une confiserie \u00e0 base d\u2019amandes, de blanc d\u2019\u0153uf et de miel. Sur le chemin du retour \u00e0 l\u2019h\u00f4tel, le v\u00e9lo de Silvia subit une crevaison et la r\u00e9paration d\u2019un pneu quelque peu r\u00e9calcitrant s\u2019effectue non sans mal. Mais tout est r\u00e9gl\u00e9 \u00e0 l\u2019heure du repas du soir. Au sein du groupe, tout le monde s\u2019est bien acclimat\u00e9 et l\u2019ambiance est d\u00e9j\u00e0 tr\u00e8s conviviale.<\/p>\n[\/vc_column_text][vc_empty_space][vc_single_image image=\u00a0\u00bb132158&Prime; css=\u00a0\u00bb\u00a0\u00bb][vc_empty_space][vc_column_text css=\u00a0\u00bb\u00a0\u00bb]\n<p style=\"text-align: justify;\">Jour 3<br \/>\nLe lendemain matin, nous p\u00e9dalons en mont\u00e9e direction Stintino, au fil d\u2019un agr\u00e9able itin\u00e9raire qui longe une mer d\u2019un bleu aussi chatoyant que celui des magazines touristiques. Malheureusement, la r\u00e9paration de la veille n\u2019a pas tenu et le pneu est \u00e0 nouveau plat. Par chance, il y a toujours des v\u00e9los de rechange sur nos voyages et Silvia peut donc changer de monture. En fin de journ\u00e9e, dix participants prennent encore part \u00e0 un tour en VTT en terrain accident\u00e9 \u2013 une balade \u00e0 la fois courte et intense, appr\u00e9ci\u00e9e de chacun.<\/p>\n<p style=\"text-align: justify;\">Jour 4<br \/>\nAujourd\u2019hui, nous rejoignons l\u2019int\u00e9rieur des terres. Notre tour \u00e0 v\u00e9lo d\u00e9bute \u00e0 Itteri, o\u00f9 Sergio, notre guide sarde, nous attend d\u00e9j\u00e0. Sous une m\u00e9t\u00e9o radieuse, nous suivons des routes d\u00e9sertes serpentant \u00e0 travers les collines, au c\u0153ur de magnifiques paysages. Arr\u00eat pour la pause de midi pr\u00e8s d\u2019un nuraghe \u2013site antique culturel, administratif et r\u00e9sidentiel que Sergio nous d\u00e9crit dans le d\u00e9tail. Le retour via Olbia prend presque deux heures. A Palau, la troisi\u00e8me tentative de r\u00e9paration du v\u00e9lo de Silvia sera cette fois couronn\u00e9e de succ\u00e8s. Notre groupe est d\u00e9sormais tr\u00e8s soud\u00e9 et les participants \u00e9changent spontan\u00e9ment leurs places \u00e0 table, pour davantage de convivialit\u00e9 encore. La soir\u00e9e est anim\u00e9e, certains allant jouer les prolongations au bar de l\u2019h\u00f4tel.<\/p>\n[\/vc_column_text][vc_empty_space][vc_single_image image=\u00a0\u00bb132160&Prime; css=\u00a0\u00bb\u00a0\u00bb][vc_empty_space][vc_column_text css=\u00a0\u00bb\u00a0\u00bb]\n<p style=\"text-align: justify;\">Jour 5<br \/>\nD\u00e9part aujourd\u2019hui pour l\u2019\u00eele de La Maddalena. Juste avant 10h, nous embarquons sur le ferry, qui nous conduit rapidement \u00e0 destination. L\u00e0, nous entamons un magnifique tour de l\u2019\u00eele avant de nous arr\u00eater pour la pause de midi. Apr\u00e8s un d\u00e9licieux repas, nous continuons vers l\u2019\u00eele voisine de La Caprera, o\u00f9 v\u00e9cut jadis Garibaldi, h\u00e9ros national italien. A 16h, il est temps de retrouver l\u2019\u00eele principale et de savourer une bonne glace \u00e0 Palau.<\/p>\n<p style=\"text-align: justify;\">Jour 6<br \/>\nLe highlight du jour, c\u2019est incontestablement la C\u00f4te d\u2019Emeraude \u2013 Costa Smeralda en italien. Avec ses boutiques de luxe bordant le front de mer, Porto Cervo est une station baln\u00e9aire hupp\u00e9e, tr\u00e8s pris\u00e9e de la jet-set. Plut\u00f4t que d\u2019y laisser notre fortune, nous pr\u00e9f\u00e9rons continuer jusqu\u2019\u00e0 Baja Sardinia, o\u00f9 nous nous arr\u00eatons pour la pause de midi. De l\u00e0, certains participants choisissent de rentrer \u00e0 l\u2019h\u00f4tel en car, les autres optant pour 14 kilom\u00e8tres de v\u00e9lo suppl\u00e9mentaires.<\/p>\n[\/vc_column_text][vc_empty_space][vc_single_image image=\u00a0\u00bb132164&Prime; css=\u00a0\u00bb\u00a0\u00bb][vc_empty_space][vc_column_text css=\u00a0\u00bb\u00a0\u00bb]Jour 7<br \/>\nDerni\u00e8re journ\u00e9e de v\u00e9lo au programme. Apr\u00e8s un court transfert en car, nous d\u00e9chargeons nos e-bikes et reprenons la route le long de la plage, puis traversons les collines conduisant \u00e0 Santa Teresa di Gallura, o\u00f9 nous prenons le repas de midi sur la place du village avant de repartir pour le Capo Testa. En fin d\u2019excursion, nous chargeons une derni\u00e8re fois nos v\u00e9los dans le car, puis longeons la c\u00f4te jusqu\u2019\u00e0 Porto Torres, o\u00f9 nous aurons suffisamment de temps pour boire un caf\u00e9, faire quelques achats ou d\u00e9guster une glace avant d\u2019embarquer sur le ferry \u00e0 destination de G\u00eanes. L\u2019embarquement, dont la proc\u00e9dure nous est maintenant famili\u00e8re, s\u2019effectue rapidement. La nuit est agit\u00e9e, car les courants sont forts et la mer houleuse.[\/vc_column_text][vc_empty_space][vc_single_image image=\u00a0\u00bb132162&Prime; css=\u00a0\u00bb\u00a0\u00bb][vc_empty_space][vc_column_text css=\u00a0\u00bb\u00a0\u00bb]\n<p style=\"text-align: justify;\">Jour 8<br \/>\nArriv\u00e9e t\u00f4t le matin \u00e0 G\u00eanes, d\u2019o\u00f9 nous reprenons la direction de la Suisse au terme d\u2019une magnifique semaine en Sardaigne riche de pr\u00e9cieux souvenirs.<\/p>\n[\/vc_column_text][\/vc_column][\/vc_row][vc_row][vc_column][\/vc_column][\/vc_row]\n<\/div>","protected":false},"excerpt":{"rendered":"<p>Entretien avec notre guide Patrick Tarnutzer<\/p>\n","protected":false},"author":20,"featured_media":132167,"comment_status":"closed","ping_status":"closed","sticky":false,"template":"","format":"standard","meta":{"_acf_changed":false,"footnotes":""},"categories":[434],"tags":[],"post_series":[],"class_list":["post-135185","post","type-post","status-publish","format-standard","has-post-thumbnail","hentry","category-vu-de-linterieur","entry","has-media"],"acf":[],"_links":{"self":[{"href":"https:\/\/e-bike-tours.ch\/fr\/wp-json\/wp\/v2\/posts\/135185","targetHints":{"allow":["GET"]}}],"collection":[{"href":"https:\/\/e-bike-tours.ch\/fr\/wp-json\/wp\/v2\/posts"}],"about":[{"href":"https:\/\/e-bike-tours.ch\/fr\/wp-json\/wp\/v2\/types\/post"}],"author":[{"embeddable":true,"href":"https:\/\/e-bike-tours.ch\/fr\/wp-json\/wp\/v2\/users\/20"}],"replies":[{"embeddable":true,"href":"https:\/\/e-bike-tours.ch\/fr\/wp-json\/wp\/v2\/comments?post=135185"}],"version-history":[{"count":8,"href":"https:\/\/e-bike-tours.ch\/fr\/wp-json\/wp\/v2\/posts\/135185\/revisions"}],"predecessor-version":[{"id":135195,"href":"https:\/\/e-bike-tours.ch\/fr\/wp-json\/wp\/v2\/posts\/135185\/revisions\/135195"}],"wp:featuredmedia":[{"embeddable":true,"href":"https:\/\/e-bike-tours.ch\/fr\/wp-json\/wp\/v2\/media\/132167"}],"wp:attachment":[{"href":"https:\/\/e-bike-tours.ch\/fr\/wp-json\/wp\/v2\/media?parent=135185"}],"wp:term":[{"taxonomy":"category","embeddable":true,"href":"https:\/\/e-bike-tours.ch\/fr\/wp-json\/wp\/v2\/categories?post=135185"},{"taxonomy":"post_tag","embeddable":true,"href":"https:\/\/e-bike-tours.ch\/fr\/wp-json\/wp\/v2\/tags?post=135185"},{"taxonomy":"post_series","embeddable":true,"href":"https:\/\/e-bike-tours.ch\/fr\/wp-json\/wp\/v2\/post_series?post=135185"}],"curies":[{"name":"wp","href":"https:\/\/api.w.org\/{rel}","templated":true}]}}