{"id":133905,"date":"2024-11-14T12:58:22","date_gmt":"2024-11-14T11:58:22","guid":{"rendered":"https:\/\/e-bike-tours.ch\/liste-des-choses-a-emporter-pour-vos-vacances-en-e-bike\/"},"modified":"2024-11-21T14:06:34","modified_gmt":"2024-11-21T13:06:34","slug":"liste-des-choses-a-emporter-pour-vos-vacances-en-e-bike","status":"publish","type":"post","link":"https:\/\/e-bike-tours.ch\/fr\/liste-des-choses-a-emporter-pour-vos-vacances-en-e-bike\/","title":{"rendered":"Liste des choses \u00e0 emporter pour vos vacances en e-bike"},"content":{"rendered":"<div class=\"wpb-content-wrapper\">[vc_row][vc_column]\n    <div class=\"cartours-reiseberichte-post-tags-box\">\n        <div class=\"post-tags-inner-box \">\n    <\/div>\n    <\/div>[vc_empty_space][vc_row_inner][vc_column_inner width=\u00a0\u00bb1\/3&Prime;][vc_single_image image=\u00a0\u00bb131775&Prime; img_size=\u00a0\u00bblarge\u00a0\u00bb][vc_empty_space][\/vc_column_inner][vc_column_inner width=\u00a0\u00bb2\/3&Prime;][vc_column_text css=\u00a0\u00bb\u00a0\u00bb]\n<h3><strong>Avant tout s\u00e9jour en e-bike \u00e0 nos c\u00f4t\u00e9s, une pr\u00e9paration optimale est de mise. Afin de vous faciliter la pr\u00e9paration de vos bagages, nous avons \u00e9tabli une liste ad\u00e9quate.<\/strong><\/h3>\n<h3><strong>Depuis les \u00e9quipements importants jusqu\u2019aux accessoires pratiques, d\u00e9couvrez ce qui ne doit pas manquer dans vos bagages lorsque vous explorez en e-bike les chemins et les sentiers pittoresques.<\/strong><\/h3>\n<h2><a href=\"https:\/\/e-bike-tours.ch\/wp-content\/uploads\/2024\/11\/Packliste-FR-e-Bike-tours.ch_-1.pdf\">T\u00e9l\u00e9charger maintenant!<\/a><\/h2>\n[\/vc_column_text][\/vc_column_inner][\/vc_row_inner][vc_empty_space][vc_empty_space][\/vc_column][\/vc_row][vc_row][vc_column][\/vc_column][\/vc_row]\n<\/div>","protected":false},"excerpt":{"rendered":"<p>[vc_row][vc_column][vc_empty_space][vc_row_inner][vc_column_inner width=\u00a0\u00bb1\/3&Prime;][vc_single_image image=\u00a0\u00bb131775&Prime; img_size=\u00a0\u00bblarge\u00a0\u00bb][vc_empty_space][\/vc_column_inner][vc_column_inner width=\u00a0\u00bb2\/3&Prime;][vc_column_text css=\u00a0\u00bb\u00a0\u00bb] Avant tout s\u00e9jour en e-bike \u00e0 nos c\u00f4t\u00e9s, une pr\u00e9paration optimale est de mise. Afin de vous faciliter la pr\u00e9paration de vos bagages, nous avons \u00e9tabli une liste ad\u00e9quate. Depuis les \u00e9quipements importants jusqu\u2019aux accessoires pratiques, d\u00e9couvrez ce qui ne doit pas manquer dans vos bagages lorsque vous explorez&hellip;<\/p>\n","protected":false},"author":20,"featured_media":131774,"comment_status":"closed","ping_status":"closed","sticky":false,"template":"","format":"standard","meta":{"_acf_changed":false,"footnotes":""},"categories":[436],"tags":[],"post_series":[],"class_list":["post-133905","post","type-post","status-publish","format-standard","has-post-thumbnail","hentry","category-idees-de-voyage","entry","has-media"],"acf":[],"_links":{"self":[{"href":"https:\/\/e-bike-tours.ch\/fr\/wp-json\/wp\/v2\/posts\/133905","targetHints":{"allow":["GET"]}}],"collection":[{"href":"https:\/\/e-bike-tours.ch\/fr\/wp-json\/wp\/v2\/posts"}],"about":[{"href":"https:\/\/e-bike-tours.ch\/fr\/wp-json\/wp\/v2\/types\/post"}],"author":[{"embeddable":true,"href":"https:\/\/e-bike-tours.ch\/fr\/wp-json\/wp\/v2\/users\/20"}],"replies":[{"embeddable":true,"href":"https:\/\/e-bike-tours.ch\/fr\/wp-json\/wp\/v2\/comments?post=133905"}],"version-history":[{"count":5,"href":"https:\/\/e-bike-tours.ch\/fr\/wp-json\/wp\/v2\/posts\/133905\/revisions"}],"predecessor-version":[{"id":134228,"href":"https:\/\/e-bike-tours.ch\/fr\/wp-json\/wp\/v2\/posts\/133905\/revisions\/134228"}],"wp:featuredmedia":[{"embeddable":true,"href":"https:\/\/e-bike-tours.ch\/fr\/wp-json\/wp\/v2\/media\/131774"}],"wp:attachment":[{"href":"https:\/\/e-bike-tours.ch\/fr\/wp-json\/wp\/v2\/media?parent=133905"}],"wp:term":[{"taxonomy":"category","embeddable":true,"href":"https:\/\/e-bike-tours.ch\/fr\/wp-json\/wp\/v2\/categories?post=133905"},{"taxonomy":"post_tag","embeddable":true,"href":"https:\/\/e-bike-tours.ch\/fr\/wp-json\/wp\/v2\/tags?post=133905"},{"taxonomy":"post_series","embeddable":true,"href":"https:\/\/e-bike-tours.ch\/fr\/wp-json\/wp\/v2\/post_series?post=133905"}],"curies":[{"name":"wp","href":"https:\/\/api.w.org\/{rel}","templated":true}]}}