{"id":133902,"date":"2024-11-14T12:49:21","date_gmt":"2024-11-14T11:49:21","guid":{"rendered":"https:\/\/e-bike-tours.ch\/entretien-avec-notre-guide-patrick-tarnutzer\/"},"modified":"2024-11-19T11:02:43","modified_gmt":"2024-11-19T10:02:43","slug":"patrick-tarnutzer","status":"publish","type":"post","link":"https:\/\/e-bike-tours.ch\/fr\/patrick-tarnutzer\/","title":{"rendered":"Entretien avec notre guide Patrick Tarnutzer"},"content":{"rendered":"<div class=\"wpb-content-wrapper\">[vc_row][vc_column width=\u00a0\u00bb2\/3&Prime;][vc_column_text css=\u00a0\u00bb\u00a0\u00bb][\/vc_column_text][\/vc_column][vc_column width=\u00a0\u00bb1\/3&Prime;][vc_column_text]\n<div style=\"text-align: right;\"><div class=\"addtoany_shortcode\"><div class=\"a2a_kit a2a_kit_size_32 addtoany_list\" data-a2a-url=\"https:\/\/e-bike-tours.ch\/fr\/patrick-tarnutzer\/\" data-a2a-title=\"Entretien avec notre guide Patrick Tarnutzer\"><a class=\"a2a_button_email\" href=\"https:\/\/www.addtoany.com\/add_to\/email?linkurl=https%3A%2F%2Fe-bike-tours.ch%2Ffr%2Fpatrick-tarnutzer%2F&amp;linkname=Entretien%20avec%20notre%20guide%20Patrick%20Tarnutzer\" title=\"Email\" rel=\"nofollow noopener\" target=\"_blank\"><\/a><a class=\"a2a_button_facebook\" href=\"https:\/\/www.addtoany.com\/add_to\/facebook?linkurl=https%3A%2F%2Fe-bike-tours.ch%2Ffr%2Fpatrick-tarnutzer%2F&amp;linkname=Entretien%20avec%20notre%20guide%20Patrick%20Tarnutzer\" title=\"Facebook\" rel=\"nofollow noopener\" target=\"_blank\"><\/a><a class=\"a2a_button_whatsapp\" href=\"https:\/\/www.addtoany.com\/add_to\/whatsapp?linkurl=https%3A%2F%2Fe-bike-tours.ch%2Ffr%2Fpatrick-tarnutzer%2F&amp;linkname=Entretien%20avec%20notre%20guide%20Patrick%20Tarnutzer\" title=\"WhatsApp\" rel=\"nofollow noopener\" target=\"_blank\"><\/a><\/div><\/div> Recommander \/ Partager<\/div>\n[\/vc_column_text][\/vc_column][\/vc_row][vc_row][vc_column width=\u00a0\u00bb1\/3&Prime;][vc_row_inner][vc_column_inner el_class=\u00a0\u00bbbackground-sonderpreise\u00a0\u00bb][vc_column_text css=\u00a0\u00bb\u00a0\u00bb]\n<h3>Il t\u00e9moigne pour vous:<\/h3>\n[\/vc_column_text][vc_column_text css=\u00a0\u00bb\u00a0\u00bb]\n<h3>Patrick Tarnutzer<\/h3>\n[\/vc_column_text][\/vc_column_inner][\/vc_row_inner][vc_empty_space]\n        <div class=\"tour-data-sc-events-list\">\n            \n    <div id=\"wk-dt_events_list-0-97249100-1777538207\" class=\"wk-dt_events_list \" style=\"\">\n        Pour le moment, nous n\u2019avons pas d\u2019offres actuelles pour cette destination. <a href=\"https:\/\/e-bike-tours.ch\/fr\/offres\/\">Pour voir tous les offres, cliquez ici<\/a>\n        <div class=\"clear\"><\/div>\n    <\/div><script type=\"text\/javascript\">\n    var wk_events_list_change_results_page_0_97249100_1777538207_response = null;\n    function wk_events_list_reset_search_results_0_97249100_1777538207() {\n        var fm = 'form#by_country_frmeventsearch_0_97249100_1777538207'; \n        jQuery(fm+' select[name=\"cmbtourmonth\"]').val(''); \n        jQuery(fm+' input[name=\"txteventname\"]').val(''); \n        jQuery(fm+' input#frmeventsearch-events-from-country-submit-btn').click();\n    }\n    function wk_events_list_change_results_page_0_97249100_1777538207(page_no) {\n        var $ = jQuery;\n        var cmbtourmonth = $('form#by_country_frmeventsearch_0_97249100_1777538207 select[name=\"cmbtourmonth\"]').val();\n        var txteventname = $('form#by_country_frmeventsearch_0_97249100_1777538207 input[name=\"txteventname\"]').val();\n        \n        var dt_events_list_width = $('#wk-dt_events_list-0-97249100-1777538207').width();\n        var dt_events_list_height = $('#wk-dt_events_list-0-97249100-1777538207').height();\n        $('#wk-dt_events_list-0-97249100-1777538207').append('<div class=\"ajax-loading-layer\"><\/div>');\n        $('#wk-dt_events_list-0-97249100-1777538207').find('> .ajax-loading-layer').css({\n            height: dt_events_list_height+'px',\n            width: dt_events_list_width+'px'\n        }).append(\n            '<img class=\"ajax-loading-img\" src=\"\/wp-content\/themes\/total-child-theme\/images\/fancybox\/fancybox_loading-v4.png\" \/>'\n        ).fadeIn().css({display: 'flex'});\n        $.ajax({\n            url: obwk_ajaxurl,   \/* look to functions.php file *\/\n            dataType: 'html',\n            data: {\n                action: 'get_frmeventsearch_events_from_country',\n                \/*displayed_countries: 'all',*\/\n                by_country_cmbtourmonth: cmbtourmonth,\n                by_country_txteventname: txteventname,\n                display_as_carousel: '',\n                shortcode_unique_id: '0-97249100-1777538207',\n                empty_results_redirection_webpage_id: '',\n                handling_top_angebote_tours: '',\n                handling_priority_tours: '',\n                displayed_categories: '',\n                exclude_categories: '',\n                displayed_tours_ids: '129615',\n                limit: '-1',\n                ajax_page_no: page_no\n            },\n            success: function(response) {\n                var iBoxHeight = $('#wk-dt_events_list-0-97249100-1777538207').outerHeight();\n                wk_events_list_change_results_page_0_97249100_1777538207_response = response;\n                jQuery('#wk-dt_events_list-0-97249100-1777538207').height(iBoxHeight).find('> div').fadeOut(500, function() {\n                    var $ = jQuery;\n                    var _context = $('#wk-dt_events_list-0-97249100-1777538207');\n                    if(!wk_events_list_change_results_page_0_97249100_1777538207_response) return;\n                    \/*console.log('response_load_results: '+wk_events_list_change_results_page_0_97249100_1777538207_response);*\/\n                    _context.empty().append(wk_events_list_change_results_page_0_97249100_1777538207_response);\n                    wk_events_list_change_results_page_0_97249100_1777538207_response = null;\n\n                                            $('html, body').animate({\n                            scrollTop: $(\"#wk-dt_events_list-0-97249100-1777538207\").offset().top-200\n                            }, 800\n                        );                    \n                        setTimeout(\"jQuery('#wk-dt_events_list-0-97249100-1777538207').css('height','auto')\", 500);\n                                    });\n                \/*console.log('response: '+wk_events_list_change_results_page_0_97249100_1777538207_response);*\/\n            }\n        })\n        return false;\n    }\n    jQuery(document).ready(function($) {\n        var get_var_cmbtourmonth = ''\n        var get_var_txteventname = ''\n        \/*console.log('mytheme_urls.ajaxurl: '+mytheme_urls.ajaxurl);*\/\n        $('#frmeventsearch-events-from-country-submit-btn').click(function(e) {\n            e.preventDefault();\n            wk_events_list_change_results_page_0_97249100_1777538207(1);\n        })\n        \n        if(get_var_cmbtourmonth != '' || get_var_txteventname != '') {\n            \/* Thanks to that e.g. that link will work: https:\/\/e-bike-tours.ch\/busreisen-nach-italien\/?txteventname=mailand *\/\n            $('#frmeventsearch-events-from-country-submit-btn').trigger('click');\n        }\n    })\n<\/script>\n        <\/div>\n        <div class=\"tour-data-sc-events-list\">\n            \n    <div id=\"wk-dt_events_list-0-97551500-1777538207\" class=\"wk-dt_events_list \" style=\"\">\n        Pour le moment, nous n\u2019avons pas d\u2019offres actuelles pour cette destination. <a href=\"https:\/\/e-bike-tours.ch\/fr\/offres\/\">Pour voir tous les offres, cliquez ici<\/a>\n        <div class=\"clear\"><\/div>\n    <\/div><script type=\"text\/javascript\">\n    var wk_events_list_change_results_page_0_97551500_1777538207_response = null;\n    function wk_events_list_reset_search_results_0_97551500_1777538207() {\n        var fm = 'form#by_country_frmeventsearch_0_97551500_1777538207'; \n        jQuery(fm+' select[name=\"cmbtourmonth\"]').val(''); \n        jQuery(fm+' input[name=\"txteventname\"]').val(''); \n        jQuery(fm+' input#frmeventsearch-events-from-country-submit-btn').click();\n    }\n    function wk_events_list_change_results_page_0_97551500_1777538207(page_no) {\n        var $ = jQuery;\n        var cmbtourmonth = $('form#by_country_frmeventsearch_0_97551500_1777538207 select[name=\"cmbtourmonth\"]').val();\n        var txteventname = $('form#by_country_frmeventsearch_0_97551500_1777538207 input[name=\"txteventname\"]').val();\n        \n        var dt_events_list_width = $('#wk-dt_events_list-0-97551500-1777538207').width();\n        var dt_events_list_height = $('#wk-dt_events_list-0-97551500-1777538207').height();\n        $('#wk-dt_events_list-0-97551500-1777538207').append('<div class=\"ajax-loading-layer\"><\/div>');\n        $('#wk-dt_events_list-0-97551500-1777538207').find('> .ajax-loading-layer').css({\n            height: dt_events_list_height+'px',\n            width: dt_events_list_width+'px'\n        }).append(\n            '<img class=\"ajax-loading-img\" src=\"\/wp-content\/themes\/total-child-theme\/images\/fancybox\/fancybox_loading-v4.png\" \/>'\n        ).fadeIn().css({display: 'flex'});\n        $.ajax({\n            url: obwk_ajaxurl,   \/* look to functions.php file *\/\n            dataType: 'html',\n            data: {\n                action: 'get_frmeventsearch_events_from_country',\n                \/*displayed_countries: 'all',*\/\n                by_country_cmbtourmonth: cmbtourmonth,\n                by_country_txteventname: txteventname,\n                display_as_carousel: '',\n                shortcode_unique_id: '0-97551500-1777538207',\n                empty_results_redirection_webpage_id: '',\n                handling_top_angebote_tours: '',\n                handling_priority_tours: '',\n                displayed_categories: '',\n                exclude_categories: '',\n                displayed_tours_ids: '129593',\n                limit: '-1',\n                ajax_page_no: page_no\n            },\n            success: function(response) {\n                var iBoxHeight = $('#wk-dt_events_list-0-97551500-1777538207').outerHeight();\n                wk_events_list_change_results_page_0_97551500_1777538207_response = response;\n                jQuery('#wk-dt_events_list-0-97551500-1777538207').height(iBoxHeight).find('> div').fadeOut(500, function() {\n                    var $ = jQuery;\n                    var _context = $('#wk-dt_events_list-0-97551500-1777538207');\n                    if(!wk_events_list_change_results_page_0_97551500_1777538207_response) return;\n                    \/*console.log('response_load_results: '+wk_events_list_change_results_page_0_97551500_1777538207_response);*\/\n                    _context.empty().append(wk_events_list_change_results_page_0_97551500_1777538207_response);\n                    wk_events_list_change_results_page_0_97551500_1777538207_response = null;\n\n                                            $('html, body').animate({\n                            scrollTop: $(\"#wk-dt_events_list-0-97551500-1777538207\").offset().top-200\n                            }, 800\n                        );                    \n                        setTimeout(\"jQuery('#wk-dt_events_list-0-97551500-1777538207').css('height','auto')\", 500);\n                                    });\n                \/*console.log('response: '+wk_events_list_change_results_page_0_97551500_1777538207_response);*\/\n            }\n        })\n        return false;\n    }\n    jQuery(document).ready(function($) {\n        var get_var_cmbtourmonth = ''\n        var get_var_txteventname = ''\n        \/*console.log('mytheme_urls.ajaxurl: '+mytheme_urls.ajaxurl);*\/\n        $('#frmeventsearch-events-from-country-submit-btn').click(function(e) {\n            e.preventDefault();\n            wk_events_list_change_results_page_0_97551500_1777538207(1);\n        })\n        \n        if(get_var_cmbtourmonth != '' || get_var_txteventname != '') {\n            \/* Thanks to that e.g. that link will work: https:\/\/e-bike-tours.ch\/busreisen-nach-italien\/?txteventname=mailand *\/\n            $('#frmeventsearch-events-from-country-submit-btn').trigger('click');\n        }\n    })\n<\/script>\n        <\/div>[\/vc_column][vc_column width=\u00a0\u00bb2\/3&Prime;][vc_column_text css=\u00a0\u00bb\u00a0\u00bb]\n<strong>Comment en es-tu arriv\u00e9 \u00e0 travailler comme guide pour e-Bike-tours.ch?<\/strong><\/p>\n<p>Avec les autres Bike Teachers et membres de la direction de la Swiss Bike School, nous recherchons des partenariats forts et positifs. Guide de VTT de haute montagne depuis de longues ann\u00e9es avec un cursus de Swiss Cycling MTB en poche, j\u2019ai \u00e9t\u00e9 fascin\u00e9 par les offres propos\u00e9es par e-Bike-tours.ch sur des e-bikes normaux. J\u2019ai souhait\u00e9 apporter mon exp\u00e9rience tout en apprenant de nouvelles choses. J\u2019ai donc suivi une formation continue aupr\u00e8s de la Swiss Bike Academy pour devenir guide chez e-Biketours.ch. J\u2019ai \u00e9galement suivi une formation d\u2019instructeur de s\u00e9curit\u00e9 routi\u00e8re aupr\u00e8s du BPA (Certified E-Bike-Instructor BFU \/ BPA). J\u2019aime beaucoup le contact avec les gens. Toutes ces connaissances acquises ainsi que ma passion pour les gens et le v\u00e9lo m\u2019ont permis de trouver ma voie gr\u00e2ce aux circuits en e-bike.<br \/>\n[\/vc_column_text][vc_empty_space][vc_single_image image=\u00a0\u00bb132822&Prime; css=\u00a0\u00bb\u00a0\u00bb][vc_empty_space][vc_column_text css=\u00a0\u00bb\u00a0\u00bb]<strong>Qu\u2019est-ce qui te fascine le plus dans la pratique du e-bike?<\/strong><\/p>\n<p>Ce qui me fascine dans la pratique du v\u00e9lo (v\u00e9lo de course, e-Mountainbike, e-bike, etc.), c\u2019est de pouvoir traverser des paysages \u00e0 couper le souffle \u2013 que ce soit \u00e0 quelques pas de chez moi ou lors des circuits sp\u00e9ciaux d\u2019e-Bike-tours.ch.<\/p>\n<p>&nbsp;<\/p>\n<p><strong>As-tu un itin\u00e9raire ou un lieu favori que tu pourrais recommander \u00e0 nos participants?<\/strong><\/p>\n<p>Je n\u2019ai pas de lieu favori, car il y a tellement d\u2019endroits magnifiques \u00e0 d\u00e9couvrir, que ce soit en Suisse ou \u00e0 l\u2019\u00e9tranger. Mais ce qui m\u2019a beaucoup plu, ce sont les circuits sur les \u00eeles, par ex. en Italie (Sicile, Sardaigne, \u00eele d\u2019Elbe) ou en Croatie, avec la magnifique bande c\u00f4ti\u00e8re de Dalmatie. En Suisse, je recommande fortement les circuits en Engadine.[\/vc_column_text][vc_empty_space][vc_single_image image=\u00a0\u00bb132812&Prime; css=\u00a0\u00bb\u00a0\u00bb][vc_empty_space][vc_column_text css=\u00a0\u00bb\u00a0\u00bb]\n<strong>Quels conseils donnerais-tu aux d\u00e9butant(e) qui pr\u00e9parent leur premier voyage en e-bike?<\/strong><\/p>\n<p>J\u2019entends tr\u00e8s souvent dire \u00abMoi, je sais faire du v\u00e9lo\u00bb. Mais si je regarde le comportement des gens sur la route aujourd\u2019hui, il reste quand m\u00eame de gros progr\u00e8s \u00e0 faire. De nombreux accidents pourraient \u00eatre \u00e9vit\u00e9s avec un simple cours de s\u00e9curit\u00e9 routi\u00e8re d\u2019une demi-journ\u00e9e. C\u2019est ce que je recommande aux d\u00e9butant(e)s. Et puis, il faut toujours avoir des v\u00eatements adapt\u00e9s (par ex. protection contre la pluie). Car la m\u00e9t\u00e9o peut changer rapidement. Il est conseill\u00e9 d\u2019avoir toujours une batterie externe \u00e0 port\u00e9e de main \u2013 pour prendre de superbes photos pendant les excursions.<\/p>\n<p>&nbsp;<\/p>\n<p><strong>Parle-nous d\u2019une exp\u00e9rience particuli\u00e8re ou d\u2019un circuit inoubliable que tu as v\u00e9cu en tant que guide.<\/strong><\/p>\n<p>C\u2019est avec e-Bike-tours.ch que je l\u2019ai ai v\u00e9cus. Pour la pr\u00e9paration, je re\u00e7ois toujours la liste des participants avec leur ann\u00e9e de naissance. La fourchette des \u00e2ges est tr\u00e8s large. J\u2019ai \u00e9t\u00e9 \u00e9tonn\u00e9 de voir qu\u2019un des participants avait 93 ans. C\u2019\u00e9tait nouveau pour moi et je ne savais pas \u00e0 quoi m\u2019attendre, notamment en ce qui concernait ses capacit\u00e9s. Lors du voyage, il s\u2019est av\u00e9r\u00e9 que ce monsieur \u00e9tait tr\u00e8s robuste, qu\u2019il s\u2019int\u00e9grait tr\u00e8s bien dans le groupe et qu\u2019il maniait tr\u00e8s bien le e-bike. Mais c\u2019est pour moi, de loin, le participant le plus \u00e2g\u00e9 \u00e0 ce jour. Les rencontres avec les guides locaux, qui nous accompagnent toujours sur place, sont toujours formidables. Lors de chacun de mes circuits, ils ont \u00e9t\u00e9 tr\u00e8s aimables, comp\u00e9tents et cordiaux.<\/p>\n<p>&nbsp;<\/p>\n<p><strong>Quel voyage aimes-tu particuli\u00e8rement encadrer pour e-Bike-tours.ch?<\/strong><\/p>\n<p>L\u2019\u00eele d\u2019Elbe et la Sicile sont pour moi des destinations de r\u00eave que j\u2019adorerais refaire.[\/vc_column_text][vc_empty_space][vc_single_image image=\u00a0\u00bb132810&Prime; css=\u00a0\u00bb\u00a0\u00bb][vc_empty_space][vc_column_text css=\u00a0\u00bb\u00a0\u00bb][\/vc_column_text][\/vc_column][\/vc_row][vc_row][vc_column][\/vc_column][\/vc_row]\n<\/div>","protected":false},"excerpt":{"rendered":"<p>Entretien avec notre guide Patrick Tarnutzer<\/p>\n","protected":false},"author":20,"featured_media":132809,"comment_status":"closed","ping_status":"closed","sticky":false,"template":"","format":"standard","meta":{"_acf_changed":false,"footnotes":""},"categories":[434],"tags":[],"post_series":[],"class_list":["post-133902","post","type-post","status-publish","format-standard","has-post-thumbnail","hentry","category-vu-de-linterieur","entry","has-media"],"acf":[],"_links":{"self":[{"href":"https:\/\/e-bike-tours.ch\/fr\/wp-json\/wp\/v2\/posts\/133902","targetHints":{"allow":["GET"]}}],"collection":[{"href":"https:\/\/e-bike-tours.ch\/fr\/wp-json\/wp\/v2\/posts"}],"about":[{"href":"https:\/\/e-bike-tours.ch\/fr\/wp-json\/wp\/v2\/types\/post"}],"author":[{"embeddable":true,"href":"https:\/\/e-bike-tours.ch\/fr\/wp-json\/wp\/v2\/users\/20"}],"replies":[{"embeddable":true,"href":"https:\/\/e-bike-tours.ch\/fr\/wp-json\/wp\/v2\/comments?post=133902"}],"version-history":[{"count":2,"href":"https:\/\/e-bike-tours.ch\/fr\/wp-json\/wp\/v2\/posts\/133902\/revisions"}],"predecessor-version":[{"id":133904,"href":"https:\/\/e-bike-tours.ch\/fr\/wp-json\/wp\/v2\/posts\/133902\/revisions\/133904"}],"wp:featuredmedia":[{"embeddable":true,"href":"https:\/\/e-bike-tours.ch\/fr\/wp-json\/wp\/v2\/media\/132809"}],"wp:attachment":[{"href":"https:\/\/e-bike-tours.ch\/fr\/wp-json\/wp\/v2\/media?parent=133902"}],"wp:term":[{"taxonomy":"category","embeddable":true,"href":"https:\/\/e-bike-tours.ch\/fr\/wp-json\/wp\/v2\/categories?post=133902"},{"taxonomy":"post_tag","embeddable":true,"href":"https:\/\/e-bike-tours.ch\/fr\/wp-json\/wp\/v2\/tags?post=133902"},{"taxonomy":"post_series","embeddable":true,"href":"https:\/\/e-bike-tours.ch\/fr\/wp-json\/wp\/v2\/post_series?post=133902"}],"curies":[{"name":"wp","href":"https:\/\/api.w.org\/{rel}","templated":true}]}}